{"id":909,"date":"2017-01-13T13:24:00","date_gmt":"2017-01-13T12:24:00","guid":{"rendered":"https:\/\/rib-ev.de\/?p=909"},"modified":"2024-07-19T15:03:25","modified_gmt":"2024-07-19T13:03:25","slug":"einladung-zur-friedenspreisfeier","status":"publish","type":"post","link":"https:\/\/rib-ev.de\/?p=909","title":{"rendered":"Einladung zur Friedenspreisfeier"},"content":{"rendered":"\n<p>Das neue Jahr ist nun etwa zwei Wochen alt, und schon gibt es einiges Berichtenswertes. Am 12. Januar haben die ersten von 4.000 US-Truppen Polen erreicht, der Vorraustrupp der Operation \u201eAtlantic Resolve\u201c war mit Hilfe der Bundeswehr von Bremerhaven quer durch Deutschland getourt und hat Deutschland \u00f6stlich von Cottbus verlassen.<\/p>\n\n\n\n<p>Im Wei\u00dfen Haus steht uns ein F\u00fchrungswechsel bevor, subjektiv betrachtet gibt der Friedensnobelpreistr\u00e4ger Barack Obama das Amt des US-Pr\u00e4sidenten an den Rechtspopulisten und Polit-Neuling Donald Trump ab. Unbenannt bleiben ungel\u00f6ste Probleme wie z.B. das pro extralegaler T\u00f6tung eines Terroristen auf den Auftrag Obamas hin auch ca. 28 tote Zivilisten zu beklagen sind.<\/p>\n\n\n\n<p>Aber auch im R\u00fcstungsInformationsB\u00fcro hat sich zum Jahresende noch viel getan. Seit diesem Jahr ist das RIB eine anerkannte Einsatzstelle f\u00fcr den Bundesfreiwilligendienst. Die bisher erfolgreiche Digitalisierung des Archivs kann nach jetzigem Stand bis 2018 mit zumindest einer Stelle fortgesetzt werden.<\/p>\n\n\n\n<p>Insbesondere r\u00fcckblickend auf das Finale des letzten Jahres gibt es wahrlich Grund zum Feiern: In einer sehr bewegenden Friedensgala mit 700 friedensbewegten Teilnehmern wurde unserem Vorsitzenden J\u00fcrgen Gr\u00e4sslin von den AnStiftern am 10. Dezember im Theaterhaus der \u201eSTUTTGARTER FRIEDENSPREIS 2016\u201c verliehen.<\/p>\n\n\n\n<p>Erfreulich viele von uns haben den weiten Weg mit den Regionalz\u00fcgen des Baden-W\u00fcrttemberg-Tickets in die Landeshauptstadt auf sich genommen, andere sind mit dem Auto angereist.<\/p>\n\n\n\n<p>F\u00fcr euch alle \u2013 nat\u00fcrlich auch f\u00fcr diejenigen, die leider nicht nach Stuttgart kommen konnten \u2013 gibt es Gelegenheit zur gemeinsamen Friedenspreisfeier: Wer mit uns feiern m\u00f6chte, ist herzlich eingeladen auf<\/p>\n\n\n\n<p><strong>Donnerstag, den 19. Januar um 19:00 Uhr in den R\u00e4umen des R\u00fcstungsInformationsB\u00fcros \/ Freiburger Friedenszentrums<\/strong>, St\u00fchlinger Stra\u00dfe 7 in FR.<\/p>\n\n\n\n<p>Was ihr mitbringen sollt? Guuuuuuuute Laune und Sektgl\u00e4ser.<\/p>\n","protected":false},"excerpt":{"rendered":"<p>Das neue Jahr ist nun etwa zwei Wochen alt, und schon gibt es einiges Berichtenswertes. Am 12. Januar haben die ersten von 4.000 US-Truppen Polen erreicht, der Vorraustrupp der Operation \u201eAtlantic Resolve\u201c war mit Hilfe der Bundeswehr von Bremerhaven quer durch Deutschland getourt und hat Deutschland \u00f6stlich von Cottbus verlassen. Im Wei\u00dfen Haus steht uns [&hellip;]<\/p>\n","protected":false},"author":2,"featured_media":0,"comment_status":"closed","ping_status":"closed","sticky":false,"template":"","format":"standard","meta":{"site-sidebar-layout":"default","site-content-layout":"","ast-site-content-layout":"default","site-content-style":"default","site-sidebar-style":"default","ast-global-header-display":"","ast-banner-title-visibility":"","ast-main-header-display":"","ast-hfb-above-header-display":"","ast-hfb-below-header-display":"","ast-hfb-mobile-header-display":"","site-post-title":"","ast-breadcrumbs-content":"","ast-featured-img":"","footer-sml-layout":"","ast-disable-related-posts":"","theme-transparent-header-meta":"","adv-header-id-meta":"","stick-header-meta":"","header-above-stick-meta":"","header-main-stick-meta":"","header-below-stick-meta":"","astra-migrate-meta-layouts":"default","ast-page-background-enabled":"default","ast-page-background-meta":{"desktop":{"background-color":"var(--ast-global-color-4)","background-image":"","background-repeat":"repeat","background-position":"center center","background-size":"auto","background-attachment":"scroll","background-type":"","background-media":"","overlay-type":"","overlay-color":"","overlay-opacity":"","overlay-gradient":""},"tablet":{"background-color":"","background-image":"","background-repeat":"repeat","background-position":"center center","background-size":"auto","background-attachment":"scroll","background-type":"","background-media":"","overlay-type":"","overlay-color":"","overlay-opacity":"","overlay-gradient":""},"mobile":{"background-color":"","background-image":"","background-repeat":"repeat","background-position":"center center","background-size":"auto","background-attachment":"scroll","background-type":"","background-media":"","overlay-type":"","overlay-color":"","overlay-opacity":"","overlay-gradient":""}},"ast-content-background-meta":{"desktop":{"background-color":"var(--ast-global-color-5)","background-image":"","background-repeat":"repeat","background-position":"center center","background-size":"auto","background-attachment":"scroll","background-type":"","background-media":"","overlay-type":"","overlay-color":"","overlay-opacity":"","overlay-gradient":""},"tablet":{"background-color":"var(--ast-global-color-5)","background-image":"","background-repeat":"repeat","background-position":"center center","background-size":"auto","background-attachment":"scroll","background-type":"","background-media":"","overlay-type":"","overlay-color":"","overlay-opacity":"","overlay-gradient":""},"mobile":{"background-color":"var(--ast-global-color-5)","background-image":"","background-repeat":"repeat","background-position":"center center","background-size":"auto","background-attachment":"scroll","background-type":"","background-media":"","overlay-type":"","overlay-color":"","overlay-opacity":"","overlay-gradient":""}},"footnotes":""},"categories":[1],"tags":[],"class_list":["post-909","post","type-post","status-publish","format-standard","hentry","category-uncategorized"],"_links":{"self":[{"href":"https:\/\/rib-ev.de\/index.php?rest_route=\/wp\/v2\/posts\/909","targetHints":{"allow":["GET"]}}],"collection":[{"href":"https:\/\/rib-ev.de\/index.php?rest_route=\/wp\/v2\/posts"}],"about":[{"href":"https:\/\/rib-ev.de\/index.php?rest_route=\/wp\/v2\/types\/post"}],"author":[{"embeddable":true,"href":"https:\/\/rib-ev.de\/index.php?rest_route=\/wp\/v2\/users\/2"}],"replies":[{"embeddable":true,"href":"https:\/\/rib-ev.de\/index.php?rest_route=%2Fwp%2Fv2%2Fcomments&post=909"}],"version-history":[{"count":1,"href":"https:\/\/rib-ev.de\/index.php?rest_route=\/wp\/v2\/posts\/909\/revisions"}],"predecessor-version":[{"id":910,"href":"https:\/\/rib-ev.de\/index.php?rest_route=\/wp\/v2\/posts\/909\/revisions\/910"}],"wp:attachment":[{"href":"https:\/\/rib-ev.de\/index.php?rest_route=%2Fwp%2Fv2%2Fmedia&parent=909"}],"wp:term":[{"taxonomy":"category","embeddable":true,"href":"https:\/\/rib-ev.de\/index.php?rest_route=%2Fwp%2Fv2%2Fcategories&post=909"},{"taxonomy":"post_tag","embeddable":true,"href":"https:\/\/rib-ev.de\/index.php?rest_route=%2Fwp%2Fv2%2Ftags&post=909"}],"curies":[{"name":"wp","href":"https:\/\/api.w.org\/{rel}","templated":true}]}}