{"id":540,"date":"2019-02-28T12:59:00","date_gmt":"2019-02-28T11:59:00","guid":{"rendered":"https:\/\/rib-ev.de\/?p=540"},"modified":"2024-07-19T15:02:07","modified_gmt":"2024-07-19T13:02:07","slug":"skandaloeser-deal-mit-waffendealern-im-sig-sauer-strafprozess-am-landgericht-kiel","status":"publish","type":"post","link":"https:\/\/rib-ev.de\/?p=540","title":{"rendered":"Skandal\u00f6ser Deal mit Waffendealern im Sig-Sauer-Strafprozess am Landgericht Kiel"},"content":{"rendered":"\n<p><strong>++ Trotz Beihilfe zu Massenmord durch Export von 38.000 Pistolen in 99 F\u00e4llen ins B\u00fcrgerkriegsland Kolumbien Bew\u00e4hrungsstrafen angek\u00fcndigt ++<\/strong><\/p>\n\n\n\n<p><strong>++ Schlag ins Gesicht der Opfer des Einsatzes von Sig-Sauer-Waffen in Kolumbien ++<\/strong><\/p>\n\n\n\n<p><strong>++ Keine abschreckende Wirkung f\u00fcr zuk\u00fcnftige illegale Waffenh\u00e4ndler ++<\/strong><\/p>\n\n\n\n<p><strong>++ Bundesregierung muss R\u00fcstungsexportkontrollgesetz verabschieden ++<\/strong><\/p>\n\n\n\n<p>Pressemitteilung zum Strafprozess gegen Verantwortliche von Sig Sauer vor dem Landgericht Kiel<\/p>\n\n\n\n<p>Freiburg, den 28.02.2019<\/p>\n\n\n\n<p>Angesichts des gr\u00f6\u00dften illegalen R\u00fcstungsexports von Kleinwaffen in ein B\u00fcrgerkriegsland in der Geschichte der Bundesrepublik Deutschland w\u00e4ren hohe Haftstrafen zu erwarten gewesen: F\u00fcnf Jahre gem\u00e4\u00df Au\u00dfenwirtschaftsgesetz und ggf. zehn Jahre bei Anerkennung gewerblichen Waffenhandels. Schlie\u00dflich wird den drei Sig-Sauer-Managern zu Recht vorgeworfen, zwischen April 2009 und April 2011 summa summarum rund 47.000 Pistolen des Typs SP 2022 in die USA geliefert zu haben (was noch legal war). Doch gem\u00e4\u00df der Anklage wurden davon mehr als 38.000 zu einem Preis von rund 14 Millionen Euro illegal ins B\u00fcrgerkriegsland Kolumbien weiterverkauft. \u201eWaffen wandern, das zeigen meine langj\u00e4hrigen Vor-Ort-Recherchen in Kriegsgebieten\u201c, so der Anzeigenerstatter gegen H&amp;K und Sig Sauer, J\u00fcrgen Gr\u00e4sslin. \u201eDas vermeintliche Argument, man liefere Kriegswaffen nur an die Guten, ist bestenfalls Barbiturat f\u00fcrs Volk.\u201c<\/p>\n\n\n\n<p>Wie das topaktuelle \u201eDossier: Sig Sauer-Pistolen in Kolumbien\u201c der Kinderhilfsorganisation terre des hommes belegt (siehe Attachment), sind Sig-Sauer-Pistolen mittlerweile in Kolumbien durch illegalen Handel weit verbreitet, darunter eben auch die SP 2022. Neben der kolumbianischen Polizei (unter ihnen auch Kriminelle), schie\u00dfen und morden auch illegal bewaffnete Gruppen, wie Paramilit\u00e4rs, Guerilla und Drogenbanden, sowie in bestimmten F\u00e4llen auch Armeeangeh\u00f6rige mit Sig-Sauer-Waffen. Die Zahl der Opfer ist auch unter der Zivilbev\u00f6lkerung immens hoch. Doch wie bereits beim Strafverfahren gegen Heckler &amp;Koch spielen die Opfer im Prozess gegen Sig Sauer gleichsam keine Rolle.<\/p>\n\n\n\n<!--more-->\n\n\n\n<p>Der Dramatik dieses Falles ungeachtet zeichnete sich bereits am 26.02.2019, dem Er\u00f6ffnungstag des Strafverfahrens gegen drei f\u00fchrende Mitarbeiter der Sig-Sauer-Gruppe in Deutschland und der Sig Sauer Inc. in den USA, auf Vorschlag der Staatsanwaltschaft am Landgericht Kiel ein skandal\u00f6ser Deal mit den Waffendealern ab. Nachdem auf Vorschlag des Vorsitzenden Richters Richter (sic!) die Verlesung aller 99 illegalen Exportf\u00e4lle fr\u00fchzeitig unterbunden worden war, pr\u00e4sentierte Oberstaatsanwalt Welz einen Deal gem\u00e4\u00df einer Vorabsprache der Staatsanwaltschaft mit den drei Waffendealern von Sig Sauer.<\/p>\n\n\n\n<p>Am 27.02.2019 einigten sich nunmehr Staatsanwaltschaft, Verteidiger und das Landgericht Kiel auf Bew\u00e4hrungsstrafen f\u00fcr die drei Angeschuldigten. Zwei ehemalige Mitarbeiter der Firma mit Sitz in Eckernf\u00f6rde, unter ihnen der Firmenmiteigent\u00fcmer Michael L\u00fcke, erwarten gem\u00e4\u00df Gericht Bew\u00e4hrungsstrafen in H\u00f6he von bis zu elf Monaten. Ron Cohen, der Topmanager der Schwesterfirma Sig Sauer Inc. in den USA, wird mit einer Bew\u00e4hrungsstrafe von maximal einem Jahr und zehn Monaten bestraft, zudem einer Geldstrafe in H\u00f6he von maximal 900.000 Euro. Zugleich erkl\u00e4rten die Angeklagten ihre Bereitschaft zu Gest\u00e4ndnissen.<\/p>\n\n\n\n<p>F\u00fcr die Kampagne \u201eAktion Aufschrei \u2013 Stoppt den Waffenhandel!\u201c erkl\u00e4rt J\u00fcrgen Gr\u00e4sslin: \u201eDie Beihilfe zu massenhaftem Morden durch den Export von 38.000 Pistolen in 99 F\u00e4llen ins B\u00fcrgerkriegsland Kolumbien wird seitens der Staatsanwaltschaft und des Landgerichts Kiel mit Bew\u00e4hrungsstrafen sanktioniert. Dieser Deal mit den Waffendealern von Sig Sauer ist ein Schlag ins Gesicht der vielz\u00e4hligen Opfer von Sig-Sauer-Waffen in Kolumbien. Viele Angeh\u00f6rige der Pistolenopfer werden entsetzt sein, dass nicht einmal die Hauptververantwortlichen f\u00fcr den widerrechtlichen Deal mit 38.000 Pistolen inhaftiert werden. Eine f\u00fcr andere Waffenh\u00e4ndler abschreckende Wirkung wird von diesem Urteil definitiv nicht ausgehen \u2013 ganz im Gegenteil. Die Botschaft der Kiel Justiz lautet: Wer von illegalen Waffengesch\u00e4ften in Kriegsgebiete profitiert, muss selbst bei immens hohen Liefermengen allenfalls mit Bew\u00e4hrungsstrafen und Geldbu\u00dfen rechnen.\u201c<\/p>\n\n\n\n<p>F\u00fcr Aktion Aufschrei fordert Gr\u00e4sslin \u201edie schnellstm\u00f6gliche Implementierung eines R\u00fcstungsexportkontrollgesetzes als Ersatz f\u00fcr das Kriegswaffenkontrollgesetz und das sch\u00e4dliche Au\u00dfenwirtschaftsgesetz. Dieses neue REKG soll klare rechtliche Vorgaben f\u00fcr ein grunds\u00e4tzliches Exportverbot von Kriegswaffen festschreiben, die Haftstrafen im Falle der Beihilfe zu Mord und Massenmord bei illegalem Waffenhandel auf bis zu lebenslange Haft erh\u00f6hen und den Weg zu einem Klagerecht gegen R\u00fcstungsunternehmen er\u00f6ffnen. Den Opfern muss in Nebenklagen eine Stimme gegeben werden.\u201c<\/p>\n\n\n\n<p>J\u00fcrgen Gr\u00e4sslin,<\/p>\n\n\n\n<p>Strafanzeigenerstatter gegen Sig Sauer (f\u00fcr Aktion Aufschrei) und gegen Heckler &amp; Koch, Sprecher der Kampagne \u201eAktion Aufschrei \u2013 Stoppt den Waffenhandel!\u201c, Bundessprecher der DFG-VK, Vorsitzender des R\u00fcstungsInformationsB\u00fcros mit dem GLOBAL NET \u2013 STOP THE ARMS TRADE<\/p>\n\n\n\n<p>Mob.: 0170-611 37 59 (heute bis 10:00 Uhr und ab 13:30 Uhr), E-Mail: <a href=\"mailto:jg@rib-ev.de\">jg@rib-ev.de<\/a>, E-Mail: <a href=\"mailto:graesslin@dfg-vk.de\">graesslin@dfg-vk.de<\/a><\/p>\n","protected":false},"excerpt":{"rendered":"<p>++ Trotz Beihilfe zu Massenmord durch Export von 38.000 Pistolen in 99 F\u00e4llen ins B\u00fcrgerkriegsland Kolumbien Bew\u00e4hrungsstrafen angek\u00fcndigt ++ ++ Schlag ins Gesicht der Opfer des Einsatzes von Sig-Sauer-Waffen in Kolumbien ++ ++ Keine abschreckende Wirkung f\u00fcr zuk\u00fcnftige illegale Waffenh\u00e4ndler ++ ++ Bundesregierung muss R\u00fcstungsexportkontrollgesetz verabschieden ++ Pressemitteilung zum Strafprozess gegen Verantwortliche von Sig Sauer [&hellip;]<\/p>\n","protected":false},"author":2,"featured_media":0,"comment_status":"closed","ping_status":"closed","sticky":false,"template":"","format":"standard","meta":{"site-sidebar-layout":"default","site-content-layout":"","ast-site-content-layout":"default","site-content-style":"default","site-sidebar-style":"default","ast-global-header-display":"","ast-banner-title-visibility":"","ast-main-header-display":"","ast-hfb-above-header-display":"","ast-hfb-below-header-display":"","ast-hfb-mobile-header-display":"","site-post-title":"","ast-breadcrumbs-content":"","ast-featured-img":"","footer-sml-layout":"","ast-disable-related-posts":"","theme-transparent-header-meta":"","adv-header-id-meta":"","stick-header-meta":"","header-above-stick-meta":"","header-main-stick-meta":"","header-below-stick-meta":"","astra-migrate-meta-layouts":"default","ast-page-background-enabled":"default","ast-page-background-meta":{"desktop":{"background-color":"var(--ast-global-color-4)","background-image":"","background-repeat":"repeat","background-position":"center center","background-size":"auto","background-attachment":"scroll","background-type":"","background-media":"","overlay-type":"","overlay-color":"","overlay-opacity":"","overlay-gradient":""},"tablet":{"background-color":"","background-image":"","background-repeat":"repeat","background-position":"center center","background-size":"auto","background-attachment":"scroll","background-type":"","background-media":"","overlay-type":"","overlay-color":"","overlay-opacity":"","overlay-gradient":""},"mobile":{"background-color":"","background-image":"","background-repeat":"repeat","background-position":"center center","background-size":"auto","background-attachment":"scroll","background-type":"","background-media":"","overlay-type":"","overlay-color":"","overlay-opacity":"","overlay-gradient":""}},"ast-content-background-meta":{"desktop":{"background-color":"var(--ast-global-color-5)","background-image":"","background-repeat":"repeat","background-position":"center center","background-size":"auto","background-attachment":"scroll","background-type":"","background-media":"","overlay-type":"","overlay-color":"","overlay-opacity":"","overlay-gradient":""},"tablet":{"background-color":"var(--ast-global-color-5)","background-image":"","background-repeat":"repeat","background-position":"center center","background-size":"auto","background-attachment":"scroll","background-type":"","background-media":"","overlay-type":"","overlay-color":"","overlay-opacity":"","overlay-gradient":""},"mobile":{"background-color":"var(--ast-global-color-5)","background-image":"","background-repeat":"repeat","background-position":"center center","background-size":"auto","background-attachment":"scroll","background-type":"","background-media":"","overlay-type":"","overlay-color":"","overlay-opacity":"","overlay-gradient":""}},"footnotes":""},"categories":[1],"tags":[],"class_list":["post-540","post","type-post","status-publish","format-standard","hentry","category-uncategorized"],"_links":{"self":[{"href":"https:\/\/rib-ev.de\/index.php?rest_route=\/wp\/v2\/posts\/540","targetHints":{"allow":["GET"]}}],"collection":[{"href":"https:\/\/rib-ev.de\/index.php?rest_route=\/wp\/v2\/posts"}],"about":[{"href":"https:\/\/rib-ev.de\/index.php?rest_route=\/wp\/v2\/types\/post"}],"author":[{"embeddable":true,"href":"https:\/\/rib-ev.de\/index.php?rest_route=\/wp\/v2\/users\/2"}],"replies":[{"embeddable":true,"href":"https:\/\/rib-ev.de\/index.php?rest_route=%2Fwp%2Fv2%2Fcomments&post=540"}],"version-history":[{"count":2,"href":"https:\/\/rib-ev.de\/index.php?rest_route=\/wp\/v2\/posts\/540\/revisions"}],"predecessor-version":[{"id":542,"href":"https:\/\/rib-ev.de\/index.php?rest_route=\/wp\/v2\/posts\/540\/revisions\/542"}],"wp:attachment":[{"href":"https:\/\/rib-ev.de\/index.php?rest_route=%2Fwp%2Fv2%2Fmedia&parent=540"}],"wp:term":[{"taxonomy":"category","embeddable":true,"href":"https:\/\/rib-ev.de\/index.php?rest_route=%2Fwp%2Fv2%2Fcategories&post=540"},{"taxonomy":"post_tag","embeddable":true,"href":"https:\/\/rib-ev.de\/index.php?rest_route=%2Fwp%2Fv2%2Ftags&post=540"}],"curies":[{"name":"wp","href":"https:\/\/api.w.org\/{rel}","templated":true}]}}