{"id":2909,"date":"2026-03-10T11:39:18","date_gmt":"2026-03-10T10:39:18","guid":{"rendered":"https:\/\/rib-ev.de\/?p=2909"},"modified":"2026-03-10T11:39:18","modified_gmt":"2026-03-10T10:39:18","slug":"herzliche-einladung-zu-sieben-wichtigen-veranstaltungen-im-fruehjahr-buchlesungen-in-schwaebisch-gmuend-10-maerz-2026-in-rodgau-und-zweimal-freiburg-mitgliederversammlung-des-ruestungsin","status":"publish","type":"post","link":"https:\/\/rib-ev.de\/?p=2909","title":{"rendered":"Herzliche Einladung zu sieben wichtigen Veranstaltungen im Fr\u00fchjahr!!!++ Buchlesungen in Schw\u00e4bisch Gm\u00fcnd (10. M\u00e4rz 2026), in Rodgau und zweimal Freiburg ++++ Mitgliederversammlung des R\u00fcstungsInformationsB\u00fcro e.V. (21. M\u00e4rz)++ Osterm\u00e4rsche in Freiburg (4. April) und am Bodensee (6. April) mit JG-Reden ++"},"content":{"rendered":"\n<p>Sehr geehrte Damen und Herren, liebe Friedensfreundinnen und Friedensfreunde,<br><br>mit dem Fr\u00fchjahr erbl\u00fchen gerade die Magnolienb\u00e4ume im Badischen \u2013 wie wunderbar! Und schon liegen sieben weitere wichtige Veranstaltungen vor uns!&nbsp;<br>Herzlich einladen m\u00f6chte ich Sie und euch zu<br>&gt;&gt; den n\u00e4chsten vier Buchlesungen zu <em>Wie Lichter in der Nacht. Menschen, die die Welt ver\u00e4ndern. Ein Mutmachbuch<\/em> mit der der Jubil\u00e4umslesung Nr. 50 als Benefizveranstaltung f\u00fcr Gefl\u00fcchtete<br>&gt;&gt; zur Mitgliederversammlung des R\u00fcstungsInformationsB\u00fcro (RIB e.V.) mit den Projekten GLOBAL NET \u2013 STOP THE ARMS TRADE und VISION BESSERE WELT sowie<br>&gt;&gt; den beiden Osterm\u00e4rschen mit JG als einer der Hauptredner in Freiburg und von Konstanz nach Kreuzlingen.<br><br>Hier die genauen Veranstaltungsangaben:<br>_______________________________________________________________________________<br><br><strong>Datum, Uhrzeit: 10. M\u00e4rz 2026, 19:00 Uhr<br>Ort: Volkshochschule Schw\u00e4bisch Gm\u00fcnd, M\u00fcnsterplatz 15, 73525 Schw\u00e4bisch Gm\u00fcnd<br>Titel BL 47: <em>Wie Lichter in der Nacht. Menschen, die die Welt ver\u00e4ndern. Ein Mutmachbuch<\/em><\/strong><br>Schwerpunkte: Yurii Sheliazhenko (Widerstand ohne Waffen im Kriegsland Ukraine \/ Kriegsdienstverweigerung, KDV) sowie Rotem Levin und Osama Eliwat (K\u00e4mpfer f\u00fcr Frieden zwischen Israelis und Pal\u00e4stinensern)<br>Veranstalter: VHS Schw\u00e4bisch Gm\u00fcnd und Friedenswerkstatt Mutlangen<br>Kontakt: Roland Blach, E-Mail: <a href=\"mailto:roland.blach@pressehuette.de\">roland.blach@pressehuette.de<\/a><br>_______________________________________________________________________________<br><br><strong>Datum, Uhrzeit: 21. M\u00e4rz 2026, 15:00 bis 17:00 Uhr<br>Ort: RIB-Mitgliederversammlung im Kommunalen Kino Freiburg, Urachstra\u00dfe 40, Atelierraum<\/strong><br>(Stra\u00dfenbahnlinie 2, Haltestelle Lorettostra\u00dfe)<br>_______________________________________________________________________________<br><br><strong>Datum, Uhrzeit: 4. April 2026, 11:00 Uhr, Karsamstag<br>Ort: Platz an der Alten Synagoge, Freiburg<br>mit Ostermarschrede von JG<\/strong><br>&gt; &#8222;Friedensf\u00e4hig statt kriegst\u00fcchtig! Gegen Wehrpflicht und Aufr\u00fcstung! F\u00fcr Verhandlungen und Deeskalation&#8220;<br>_______________________________________________________________________________<br><br><strong>Datum, Uhrzeit: 6. April 2026, 12:30 Uhr, Ostermontag<br>Ort: Friedensweg von Konstanz (D) nach Kreuzlingen (Schweiz),&nbsp;Treffpunkt Konzertmuschel im Stadtgarten Konstanz&nbsp;<\/strong><\/p>\n\n\n\n<p><strong>mit Ostermarschrede von JG&nbsp;<\/strong>&gt;&nbsp;&#8222;FRIEDENSRAUM BODENSEE. WIR ENT-R\u00dcSTEN UNS! FRIEDENSKULTUR GEMEINSAM LEBEN&#8220;<\/p>\n\n\n\n<p>_______________________________________________________________________________<strong>Datum, Uhrzeit:&nbsp; 15. April 2026, 14:30 bis 16:00 Uhr<br>Ort: Gasthaus zum Sch\u00fctzen, Sch\u00fctzenallee 12, 79102 Freiburg<br>Titel BL 48: <em>Wie Lichter in der Nacht. Menschen, die die Welt ver\u00e4ndern. Ein Mutmachbuch<\/em><\/strong><br>Veranstalter: Gewerkschaft Erziehung und Wissenschaft im Ruhestand (GEW)<br>B\u00fcchertisch: Veranstalter<br>Kontakt: Hanjo Glatting, E-Mail: <a href=\"mailto:hglatting@googlemail.com\">hglatting@googlemail.com<\/a><br>_______________________________________________________________________________<br><br><strong>Datum, Uhrzeit: 23. April 2026, 19:00 Uhr<br>Ort: Heinrich-B\u00f6ll-Schule Rodgau, Wiesbadener Stra\u00dfe 63, 63110 Rodgau<br>Titel BL 49: <em>Wie Lichter in der Nacht. Menschen, die die Welt ver\u00e4ndern. Ein Mutmachbuch<\/em><\/strong><br>Schwerpunkte:&nbsp; Yurii Sheliazhenko (Widerstand ohne Waffen im Kriegsland Ukraine \/ Kriegsdienstverweigerung, KDV) sowie Rotem Levin und Osama Eliwat (K\u00e4mpfer f\u00fcr Frieden zwischen Israelis und Pal\u00e4stinensern)<br>Veranstalter: F\u00f6rderverein der Heinrich-B\u00f6ll-Schule in Rodgau<br>Kontakt: Andreas Winterhalder, E-Mail:&nbsp;<a href=\"mailto:bocklisch@gmx.de\">bocklisch@gmx.de<\/a>, Mob.: 01512-6761045<br>_______________________________________________________________________________<br><br>Jubil\u00e4umslesung &lt;&lt; Nr. 50 &gt;&gt; als Benefizveranstaltung f\u00fcr Gefl\u00fcchtete!<br><strong>Datum, Uhrzeit: 20. Mai 2026, 19:00 Uhr<br>Ort: Hebelschule, Engelberger Str. 2, 79106 Freiburg<br>Titel BL 50: <em>Wie Lichter in der Nacht. Menschen, die die Welt ver\u00e4ndern. Ein Mutmachbuch<\/em><\/strong><br>Veranstalter: DIE LINKE Freiburg<br>Kontakt: Markus Uhlenbrock-Ehnes,&nbsp;<br>E-Mail: <a href=\"mailto:markus.uhlenbrock-ehnes@posteo.de\">markus.uhlenbrock-ehnes@posteo.de<\/a>, Mob.: 0176-23588177<br>_______________________________________________________________________________<br><br><strong>&lt;&lt; Gerne k\u00f6nnen Sie eine weitere Lesung f\u00fcr 2026 buchen!!! &gt;&gt;<\/strong><br>_______________________________________________________________________________<\/p>\n","protected":false},"excerpt":{"rendered":"<p>Sehr geehrte Damen und Herren, liebe Friedensfreundinnen und Friedensfreunde, mit dem Fr\u00fchjahr erbl\u00fchen gerade die Magnolienb\u00e4ume im Badischen \u2013 wie wunderbar! Und schon liegen sieben weitere wichtige Veranstaltungen vor uns!&nbsp;Herzlich einladen m\u00f6chte ich Sie und euch zu&gt;&gt; den n\u00e4chsten vier Buchlesungen zu Wie Lichter in der Nacht. Menschen, die die Welt ver\u00e4ndern. Ein Mutmachbuch mit [&hellip;]<\/p>\n","protected":false},"author":3,"featured_media":0,"comment_status":"closed","ping_status":"","sticky":false,"template":"","format":"standard","meta":{"site-sidebar-layout":"default","site-content-layout":"","ast-site-content-layout":"default","site-content-style":"default","site-sidebar-style":"default","ast-global-header-display":"","ast-banner-title-visibility":"","ast-main-header-display":"","ast-hfb-above-header-display":"","ast-hfb-below-header-display":"","ast-hfb-mobile-header-display":"","site-post-title":"","ast-breadcrumbs-content":"","ast-featured-img":"","footer-sml-layout":"","ast-disable-related-posts":"","theme-transparent-header-meta":"","adv-header-id-meta":"","stick-header-meta":"","header-above-stick-meta":"","header-main-stick-meta":"","header-below-stick-meta":"","astra-migrate-meta-layouts":"set","ast-page-background-enabled":"default","ast-page-background-meta":{"desktop":{"background-color":"var(--ast-global-color-4)","background-image":"","background-repeat":"repeat","background-position":"center center","background-size":"auto","background-attachment":"scroll","background-type":"","background-media":"","overlay-type":"","overlay-color":"","overlay-opacity":"","overlay-gradient":""},"tablet":{"background-color":"","background-image":"","background-repeat":"repeat","background-position":"center center","background-size":"auto","background-attachment":"scroll","background-type":"","background-media":"","overlay-type":"","overlay-color":"","overlay-opacity":"","overlay-gradient":""},"mobile":{"background-color":"","background-image":"","background-repeat":"repeat","background-position":"center center","background-size":"auto","background-attachment":"scroll","background-type":"","background-media":"","overlay-type":"","overlay-color":"","overlay-opacity":"","overlay-gradient":""}},"ast-content-background-meta":{"desktop":{"background-color":"var(--ast-global-color-5)","background-image":"","background-repeat":"repeat","background-position":"center center","background-size":"auto","background-attachment":"scroll","background-type":"","background-media":"","overlay-type":"","overlay-color":"","overlay-opacity":"","overlay-gradient":""},"tablet":{"background-color":"var(--ast-global-color-5)","background-image":"","background-repeat":"repeat","background-position":"center center","background-size":"auto","background-attachment":"scroll","background-type":"","background-media":"","overlay-type":"","overlay-color":"","overlay-opacity":"","overlay-gradient":""},"mobile":{"background-color":"var(--ast-global-color-5)","background-image":"","background-repeat":"repeat","background-position":"center center","background-size":"auto","background-attachment":"scroll","background-type":"","background-media":"","overlay-type":"","overlay-color":"","overlay-opacity":"","overlay-gradient":""}},"footnotes":""},"categories":[1],"tags":[],"class_list":["post-2909","post","type-post","status-publish","format-standard","hentry","category-uncategorized"],"_links":{"self":[{"href":"https:\/\/rib-ev.de\/index.php?rest_route=\/wp\/v2\/posts\/2909","targetHints":{"allow":["GET"]}}],"collection":[{"href":"https:\/\/rib-ev.de\/index.php?rest_route=\/wp\/v2\/posts"}],"about":[{"href":"https:\/\/rib-ev.de\/index.php?rest_route=\/wp\/v2\/types\/post"}],"author":[{"embeddable":true,"href":"https:\/\/rib-ev.de\/index.php?rest_route=\/wp\/v2\/users\/3"}],"replies":[{"embeddable":true,"href":"https:\/\/rib-ev.de\/index.php?rest_route=%2Fwp%2Fv2%2Fcomments&post=2909"}],"version-history":[{"count":1,"href":"https:\/\/rib-ev.de\/index.php?rest_route=\/wp\/v2\/posts\/2909\/revisions"}],"predecessor-version":[{"id":2910,"href":"https:\/\/rib-ev.de\/index.php?rest_route=\/wp\/v2\/posts\/2909\/revisions\/2910"}],"wp:attachment":[{"href":"https:\/\/rib-ev.de\/index.php?rest_route=%2Fwp%2Fv2%2Fmedia&parent=2909"}],"wp:term":[{"taxonomy":"category","embeddable":true,"href":"https:\/\/rib-ev.de\/index.php?rest_route=%2Fwp%2Fv2%2Fcategories&post=2909"},{"taxonomy":"post_tag","embeddable":true,"href":"https:\/\/rib-ev.de\/index.php?rest_route=%2Fwp%2Fv2%2Ftags&post=2909"}],"curies":[{"name":"wp","href":"https:\/\/api.w.org\/{rel}","templated":true}]}}