{"id":2721,"date":"2024-04-30T16:11:40","date_gmt":"2024-04-30T14:11:40","guid":{"rendered":"https:\/\/rib-ev.de\/?p=2721"},"modified":"2024-04-30T17:07:18","modified_gmt":"2024-04-30T15:07:18","slug":"igh-urteil-muss-konsequenzen-haben-sofortiger-stopp-deutscher-waffenlieferungen-an-israel","status":"publish","type":"post","link":"https:\/\/rib-ev.de\/?p=2721","title":{"rendered":"IGH-Urteil muss Konsequenzen haben: Sofortiger Stopp deutscher Waffenlieferungen an Israel"},"content":{"rendered":"\t\t<div data-elementor-type=\"wp-post\" data-elementor-id=\"2721\" class=\"elementor elementor-2721\">\n\t\t\t\t\t\t<section class=\"elementor-section elementor-top-section elementor-element elementor-element-45907bd2 elementor-section-boxed elementor-section-height-default elementor-section-height-default\" data-id=\"45907bd2\" data-element_type=\"section\" data-e-type=\"section\">\n\t\t\t\t\t\t<div class=\"elementor-container elementor-column-gap-default\">\n\t\t\t\t\t<div class=\"elementor-column elementor-col-100 elementor-top-column elementor-element elementor-element-6d8e95b6\" data-id=\"6d8e95b6\" data-element_type=\"column\" data-e-type=\"column\">\n\t\t\t<div class=\"elementor-widget-wrap elementor-element-populated\">\n\t\t\t\t\t\t<div class=\"elementor-element elementor-element-11f6cf30 elementor-widget elementor-widget-text-editor\" data-id=\"11f6cf30\" data-element_type=\"widget\" data-e-type=\"widget\" data-widget_type=\"text-editor.default\">\n\t\t\t\t<div class=\"elementor-widget-container\">\n\t\t\t\t\t\t\t\t\t<div class=\"postie-post\"><div><div dir=\"auto\">\u00a0<\/div><p id=\"docs-internal-guid-bea559ad-7fff-8338-0cf4-1251d3f795f6\" dir=\"ltr\" style=\"line-height: 1.38; margin-top: 0.0pt; margin-bottom: 12.0pt;\"><span style=\"font-size: 11pt; font-family: Calibri, sans-serif; font-weight: bold; text-decoration: none; white-space: pre-wrap; color: #000000;\">Pressemitteilung<\/span><\/p><p dir=\"ltr\" style=\"line-height: 1.38; margin-top: 12.0pt; margin-bottom: 12.0pt;\"><span style=\"font-size: 11pt; font-family: Calibri, sans-serif; font-weight: bold; text-decoration: none; white-space: pre-wrap; color: #000000;\">Datum: 30 April 2024<\/span><\/p><p dir=\"ltr\" style=\"line-height: 1.38; margin-top: 12.0pt; margin-bottom: 12.0pt;\"><span style=\"font-size: 11pt; font-family: Calibri, sans-serif; font-weight: bold; text-decoration: none; white-space: pre-wrap; color: #000000;\">F\u00fcr sofortige Ver\u00f6ffentlichung<\/span><\/p><p dir=\"ltr\" style=\"line-height: 1.38; margin-top: 12.0pt; margin-bottom: 12.0pt;\"><span style=\"font-size: 11pt; font-family: Calibri, sans-serif; font-weight: bold; text-decoration: none; white-space: pre-wrap; color: #000000;\">Betreff: Sofortiger Stopp deutscher Waffenlieferungen an Israel<\/span><\/p><p dir=\"ltr\" style=\"line-height: 1.38; margin-top: 12.0pt; margin-bottom: 12.0pt;\"><span style=\"font-size: 11pt; font-family: Calibri, sans-serif; text-decoration: none; white-space: pre-wrap; color: #000000;\">Freiburg\/Berlin. Im Lichte der gerade ergangenen Entscheidung des Internationalen Gerichtshofes im Verfahren Nicaragua gegen die Bundesrepublik Deutschland wegen m\u00f6glicher Beihilfe zum V\u00f6lkermord und anderer Verst\u00f6\u00dfe gegen das humanit\u00e4re V\u00f6lkerrecht fordern das R\u00fcstungsInformationsB\u00fcro (RIB) und die International Association of Lawyers against Nuclear Arms (IALANA) die Bundesregierung auf, mit sofortiger Wirkung alle Waffenlieferungen an Israel zu stoppen.\u00a0<\/span><\/p><p dir=\"ltr\" style=\"line-height: 1.38; margin-top: 12.0pt; margin-bottom: 12.0pt;\"><span style=\"font-size: 11pt; font-family: Calibri, sans-serif; text-decoration: none; white-space: pre-wrap; color: #000000;\">\u201eAuch wenn der IGH in seinem Entschluss heute die Anordnung vorl\u00e4ufiger Ma\u00dfnahmen abgelehnt hat, so darf dies nicht als Best\u00e4tigung oder Freibrief f\u00fcr die Bundesregierung verstanden werden.\u201c\u00a0<\/span><\/p><p dir=\"ltr\" style=\"line-height: 1.38; margin-top: 12.0pt; margin-bottom: 12.0pt;\"><span style=\"font-size: 11pt; font-family: Calibri, sans-serif; text-decoration: none; white-space: pre-wrap; color: #000000;\">Meint Stephan M\u00f6hrle, der als Council des R\u00fcstungsInformationsB\u00fcros am Internationalen Strafgerichtshof auch die Verfahren am Internationalen Gerichtshof beobachtet. \u201eViel eher macht der IGH in seiner Entscheidung klar, dass es nur dem spezifischen deutschen\u00a0 Genehmigungsverfahren &#8211; welches zwischen Kriegswaffen und R\u00fcstungsg\u00fctern unterscheidet &#8211; zu verdanken ist, dass der Anteil als Kriegswaffen eingeordneter und exportierter G\u00fcter zu gering sei, um als die Beteiligung an einem V\u00f6lkermord gelten zu k\u00f6nnen. Dies bedeutet aber auch in aller Deutlichkeit, dass der Export der entsprechenden G\u00fcter aus der Bundesrepublik umgehend eingestellt werden muss, da sonst zu einem sp\u00e4teren Zeitpunkt ein solcher Tatbeitrag gegeben sein k\u00f6nnte.\u201d<\/span><\/p><p dir=\"ltr\" style=\"line-height: 1.38; margin-top: 12.0pt; margin-bottom: 12.0pt;\"><span style=\"font-size: 11pt; font-family: Calibri, sans-serif; text-decoration: none; white-space: pre-wrap; color: #000000;\">\u00a0Zudem hatte Medienberichten zu Folge bereits gestern das Berliner Verwaltungsgericht der Bundesregierung mitgeteilt, dass bis zu einer Entscheidung im Eilverfahren \u00fcber deutsche Waffenlieferungen nach Gaza keine Kriegswaffenexportlizenzen an Israel mehr erteilt werden d\u00fcrfen und eine Darstellung der bisherigen Genehmigungspraxis verlangt.\u00a0<\/span><\/p><p dir=\"ltr\" style=\"line-height: 1.38; margin-top: 0.0pt; margin-bottom: 0.0pt;\"><span style=\"font-size: 11pt; font-family: Calibri, sans-serif; text-decoration: none; white-space: pre-wrap; color: #000000;\">\u201cDas Verhalten, Argumentieren und Taktieren der Bundesregierung beim Waffenexport nach Israel oder in andere Krisenregionen der Welt durch die jeweils gr\u00fcn gef\u00fchrten Ministerien f\u00fcr Wirtschaft und \u00c4u\u00dferes vor deutschen Verwaltungsgerichten und dem Internationalen Gerichtshof in Den Haag ist derart blamabel, dass die Notwendigkeit eines klaren und scharfen R\u00fcstungsexportkontrollgesetzes auf der Hand liegt, das die Koalition verbindlich versprochen hat, aber nicht umsetzt,und das die Bindung der Exekutive an das V\u00f6lkerrecht sicherstellt \u201d, sagt dazu der T\u00fcbinger Rechtsanwalt Holger Rothbauer.<\/span><\/p><p dir=\"ltr\" style=\"line-height: 1.38; margin-top: 12.0pt; margin-bottom: 12.0pt;\"><span style=\"font-size: 11pt; font-family: Calibri, sans-serif; text-decoration: none; white-space: pre-wrap; color: #000000;\">Als Organisationen, die sich f\u00fcr Frieden und Menschenrechte einsetzen, sehen wir es als unerl\u00e4sslich an, dass Deutschland in seiner Au\u00dfen- und Sicherheitspolitik umfassende ethische Grunds\u00e4tze und Menschenrechte in den Vordergrund stellt.<\/span><\/p><p dir=\"ltr\" style=\"line-height: 1.38; margin-top: 12.0pt; margin-bottom: 12.0pt;\"><span style=\"font-size: 11pt; font-family: Calibri, sans-serif; text-decoration: none; white-space: pre-wrap; color: #000000;\">Bereits in der ersten Entscheidung des IGH im Fall S\u00fcdafrika gegen Israel im Januar hat das Gericht umfangreiche Ma\u00dfnahmen angeordnet. Im M\u00e4rz hatte sich die Lage im Gazastreifen soweit verschlechtert, dass das Gericht weitere Ma\u00dfnahmen erlassen hat. Verschiedene Medien berichten von der M\u00f6glichkeit eines bevorstehenden Haftbefehls gegen den israelischen Ministerpr\u00e4sidenten. Der US-Pr\u00e4sident hat bereits angek\u00fcndigt, dass im Falle eines Haftbefehls des Internationalen Strafgerichtshofes f\u00fcr Netanjahu das Gericht mit Sanktionen zu rechnen habe. Diese Entwicklungen m\u00fcssen f\u00fcr unsere Regierung deutliche Zeichen sein, dass die eigene Politik hinter den Anspr\u00fcchen einer allverbindlichen v\u00f6lkerrechtskonformen Au\u00dfen- und Sicherheitspolitik zur\u00fcckbleibt.<\/span><\/p><p dir=\"ltr\" style=\"line-height: 1.38; margin-top: 12.0pt; margin-bottom: 12.0pt;\"><span style=\"font-size: 11pt; font-family: Calibri, sans-serif; text-decoration: none; white-space: pre-wrap; color: #000000;\">Die j\u00fcngsten Ereignisse im Nahen Osten erfordern ein Umdenken in der Art und Weise, wie Konflikte gehandhabt und gel\u00f6st werden. Verletzungen des humanit\u00e4ren V\u00f6lkerrechts durch nicht-staatliche Organisationen wie Hamas und andere bewaffnete pal\u00e4stinensische Gruppen am 07. Oktober 2023 sind keine Rechtfertigung f\u00fcr weitere V\u00f6lkerrechtsverletzungen durch den Staat Israel.\u00a0 Waffenlieferungen an Konfliktparteien versch\u00e4rfen die Situation und f\u00fchren zu weiteren Verlusten unschuldiger Menschenleben. \u201cEs ist daher unbedingt notwendig, dass Deutschland seine Rolle als Friedensstifter wahrnimmt und durch den Stopp von Waffenlieferungen ein klares Zeichen gegen die Fortsetzung der Gewalt setzt,\u201d sagte Ruth Rohde, Vorstandsmitglied des R\u00fcstungsInformationsB\u00fcros.<\/span><\/p><p dir=\"ltr\" style=\"line-height: 1.38; margin-top: 12.0pt; margin-bottom: 12.0pt;\"><span style=\"font-size: 11pt; font-family: Calibri, sans-serif; text-decoration: none; white-space: pre-wrap; color: #000000;\">Wir appellieren deswegen an die Bundesregierung:<\/span><\/p><ol style=\"margin-top: 0; margin-bottom: 0; padding-inline-start: 48.0px;\"><li dir=\"ltr\" style=\"list-style-type: decimal; font-size: 11pt; font-family: Arial, sans-serif; text-decoration: none; white-space: pre; color: #000000;\"><span style=\"font-family: Calibri,sans-serif; font-weight: bold; text-decoration: none; white-space: pre-wrap;\"> Unverz\u00fcglich <\/span><span style=\"font-family: Calibri,sans-serif; font-weight: bold; text-decoration: underline; text-decoration-skip-ink: none; white-space: pre-wrap;\">alle R\u00fcstungsexporte nach Israel zu stoppen und <\/span><span style=\"font-family: Calibri,sans-serif; font-weight: bold; text-decoration: none; white-space: pre-wrap;\">die bestehenden Waffenlieferungsvertr\u00e4ge mit Israel auszusetzen.<\/span><\/li><li dir=\"ltr\" style=\"list-style-type: decimal; font-size: 11pt; font-family: Arial, sans-serif; text-decoration: none; white-space: pre; color: #000000;\"><span style=\"font-family: Calibri,sans-serif; font-weight: bold; text-decoration: none; white-space: pre-wrap;\"> Eine gr\u00fcndliche \u00dcberpr\u00fcfung der bisherigen R\u00fcstungsexportpolitik vorzunehmen und sicherzustellen, dass diese den internationalen Menschenrechtsstandards entspricht.<\/span><\/li><li dir=\"ltr\" style=\"list-style-type: decimal; font-size: 11pt; font-family: Arial, sans-serif; text-decoration: none; white-space: pre; color: #000000;\"><span style=\"font-family: Calibri,sans-serif; font-weight: bold; text-decoration: none; white-space: pre-wrap;\"> Aktiv an der F\u00f6rderung von diplomatischen, friedlichen und gerechten L\u00f6sungen f\u00fcr den Nahostkonflikt zu arbeiten.<\/span><\/li><li dir=\"ltr\" style=\"list-style-type: decimal; font-size: 11pt; font-family: Arial, sans-serif; text-decoration: none; white-space: pre; color: #000000;\"><span style=\"font-family: Calibri,sans-serif; font-weight: bold; text-decoration: none; white-space: pre-wrap;\"> Sich in einem ersten Schritt f\u00fcr einen sofortigen, permanenten Waffenstillstand sowie f\u00fcr einen Geisel- und Gefangenenaustausch einzusetzen.<\/span><\/li><\/ol><p dir=\"ltr\" style=\"line-height: 1.38; margin-top: 12.0pt; margin-bottom: 12.0pt;\"><span style=\"font-size: 11pt; font-family: Calibri, sans-serif; text-decoration: none; white-space: pre-wrap; color: #000000;\">F\u00fcr weitere Informationen oder R\u00fcckfragen kontaktieren Sie bitte:<\/span><\/p><p dir=\"ltr\" style=\"line-height: 1.38; margin-top: 12.0pt; margin-bottom: 12.0pt;\"><span style=\"font-size: 11pt; font-family: Calibri, sans-serif; font-weight: bold; text-decoration: none; white-space: pre-wrap; color: #000000;\">Lucas Wirl<\/span><span style=\"font-size: 11pt; font-family: Calibri, sans-serif; text-decoration: none; white-space: pre-wrap; color: #000000;\">, 0176-64103500<\/span><\/p><p dir=\"ltr\" style=\"line-height: 1.38; margin-top: 12.0pt; margin-bottom: 12.0pt;\"><span style=\"font-size: 11pt; font-family: Calibri, sans-serif; font-weight: bold; text-decoration: none; white-space: pre-wrap; color: #000000;\">R\u00fcstungsInformationsB\u00fcro e.V<\/span><span style=\"font-size: 11pt; font-family: Calibri, sans-serif; font-weight: bold; text-decoration: none; white-space: pre-wrap; color: #000000;\"><br \/><\/span><span style=\"font-size: 11pt; font-family: Calibri, sans-serif; font-weight: bold; text-decoration: none; white-space: pre-wrap; color: #000000;\">St\u00fchlingerstra\u00dfe 7<\/span><span style=\"font-size: 11pt; font-family: Calibri, sans-serif; font-weight: bold; text-decoration: none; white-space: pre-wrap; color: #000000;\"><br \/><\/span><span style=\"font-size: 11pt; font-family: Calibri, sans-serif; font-weight: bold; text-decoration: none; white-space: pre-wrap; color: #000000;\">79106 Freiburg<\/span><span style=\"font-size: 11pt; font-family: Calibri, sans-serif; font-weight: bold; text-decoration: none; white-space: pre-wrap; color: #000000;\"><br \/><\/span><a href=\"mailto:rib@rib-ev.de\">rib@rib-ev.de<\/a><span style=\"font-size: 11pt; font-family: Calibri, sans-serif; font-weight: bold; text-decoration: none; white-space: pre-wrap; color: #000000;\"><br \/><\/span><a style=\"text-decoration: none;\" href=\"http:\/\/www.rib-ev.de\"><span style=\"font-size: 11pt; font-family: Calibri, sans-serif; font-weight: bold; text-decoration: underline; text-decoration-skip-ink: none; white-space: pre-wrap; color: #1155cc;\">www.rib-ev.de<\/span><\/a><\/p><p dir=\"ltr\" style=\"line-height: 1.38; margin-top: 12.0pt; margin-bottom: 12.0pt;\"><span style=\"font-size: 11pt; font-family: Calibri, sans-serif; font-weight: bold; text-decoration: none; white-space: pre-wrap; color: #000000;\">Wissenschaftliche Anfragen bitte an<\/span><\/p><p dir=\"ltr\" style=\"line-height: 1.38; margin-top: 0.0pt; margin-bottom: 0.0pt;\"><span style=\"font-size: 11pt; font-family: Arial, sans-serif; text-decoration: none; white-space: pre-wrap; color: #000000;\">Amela Skiljan, LL.M.-Eur [<\/span><a style=\"text-decoration: none;\" href=\"Mailto:amela.skiljan@ipb-office.berlin\"><span style=\"font-size: 11pt; font-family: Arial, sans-serif; text-decoration: underline; text-decoration-skip-ink: none; white-space: pre-wrap; color: #1155cc;\">Mail<\/span><\/a><span style=\"font-size: 11pt; font-family: Arial, sans-serif; text-decoration: none; white-space: pre-wrap; color: #000000;\">]<\/span><\/p><p dir=\"ltr\" style=\"line-height: 1.38; margin-top: 0.0pt; margin-bottom: 0.0pt;\"><span style=\"font-size: 11pt; font-family: Arial, sans-serif; text-decoration: none; white-space: pre-wrap; color: #000000;\">Co-Pr\u00e4sidentin der deutschen Sektion der IALANA<\/span><\/p><p dir=\"ltr\" style=\"line-height: 1.38; margin-top: 00pt; margin-bottom: 0.0pt;\"><span style=\"font-size: 11pt; font-family: Arial, sans-serif; text-decoration: none; white-space: pre-wrap; color: #000000;\">Promoviert bei Prof. Dr. Andreas Fischer-Lescano zum R\u00fcstungsexportregime der europ\u00e4ischen Union<\/span><\/p><p dir=\"ltr\" style=\"line-height: 1.38; margin-top: 0.0pt; margin-bottom: 0.0pt;\"><span style=\"font-size: 11pt; font-family: Arial, sans-serif; text-decoration: none; white-space: pre-wrap; color: #000000;\"><br \/>Stephan M\u00f6hrle, LL.M. [<\/span><a style=\"text-decoration: none;\" href=\"Mailto:moehrle@rib-ev.de\"><span style=\"font-size: 11pt; font-family: Arial, sans-serif; text-decoration: underline; text-decoration-skip-ink: none; white-space: pre-wrap; color: #1155cc;\">Mail<\/span><\/a><span style=\"font-size: 11pt; font-family: Arial, sans-serif; text-decoration: none; white-space: pre-wrap; color: #000000;\">]<\/span><\/p><p dir=\"ltr\" style=\"line-height: 1.38; margin-top: 0.0pt; margin-bottom: 0.0pt;\"><span style=\"font-size: 11pt; font-family: Arial, sans-serif; text-decoration: none; white-space: pre-wrap; color: #000000;\">Mitglied im RIB-Vorstand und Council am Internationalen Strafgerichtshof<\/span><span style=\"font-size: 11pt; font-family: Arial, sans-serif; text-decoration: none; white-space: pre-wrap; color: #000000;\"><br \/><\/span><span style=\"font-size: 11pt; font-family: Arial, sans-serif; text-decoration: none; white-space: pre-wrap; color: #000000;\">Promoviert bei Prof. Dr. Claudia Seitz zu den einfl\u00fcssen des internationalen Rechts auf den Waffenhandel\u00a0<\/span><\/p><p dir=\"ltr\" style=\"line-height: 1.38; margin-top: 0.0pt; margin-bottom: 0.0pt;\"><span style=\"font-size: 11pt; font-family: Arial, sans-serif; text-decoration: none; white-space: pre-wrap; color: #000000;\"><br \/>Ruth Rohde, M.A., [<\/span><a style=\"text-decoration: none;\" href=\"mailto:rohde@rib-ev.de\"><span style=\"font-size: 11pt; font-family: Arial, sans-serif; text-decoration: underline; text-decoration-skip-ink: none; white-space: pre-wrap; color: #1155cc;\">Mail<\/span><\/a><span style=\"font-size: 11pt; font-family: Arial, sans-serif; text-decoration: none; white-space: pre-wrap; color: #000000;\">]<\/span><\/p><p dir=\"ltr\" style=\"line-height: 1.38; margin-top: 0.0pt; margin-bottom: 0.0pt;\"><span style=\"font-size: 11pt; font-family: Arial, sans-serif; text-decoration: none; white-space: pre-wrap; color: #000000;\">Mitglied im RIB-Vorstand<br \/><br \/><\/span><\/p><p dir=\"ltr\" style=\"line-height: 1.38; margin-top: 0.0pt; margin-bottom: 0.0pt;\"><span style=\"font-size: 11pt; font-family: Arial, sans-serif; text-decoration: none; white-space: pre-wrap; color: #000000;\">Holger Rothbauer, LL.M. [<\/span><a style=\"text-decoration: none;\" href=\"mailto:anwaelte@dehr.eu\"><span style=\"font-size: 11pt; font-family: Arial, sans-serif; text-decoration: underline; text-decoration-skip-ink: none; white-space: pre-wrap; color: #1155cc;\">Mail<\/span><\/a><span style=\"font-size: 11pt; font-family: Arial, sans-serif; text-decoration: none; white-space: pre-wrap; color: #000000;\">]\u00a0<\/span><\/p><p dir=\"ltr\" style=\"line-height: 1.38; margin-top: 0.0pt; margin-bottom: 0.0pt;\"><span style=\"font-size: 11pt; font-family: Arial, sans-serif; text-decoration: none; white-space: pre-wrap; color: #000000;\">Rechtsanwalt<\/span><\/p><div id=\"ms-outlook-mobile-signature\" dir=\"auto\"><div dir=\"auto\">\u00a0<\/div><\/div><\/div><\/div>\t\t\t\t\t\t\t\t<\/div>\n\t\t\t\t<\/div>\n\t\t\t\t\t<\/div>\n\t\t<\/div>\n\t\t\t\t\t<\/div>\n\t\t<\/section>\n\t\t\t\t<\/div>\n\t\t","protected":false},"excerpt":{"rendered":"<p>\u00a0 Pressemitteilung Datum: 30 April 2024 F\u00fcr sofortige Ver\u00f6ffentlichung Betreff: Sofortiger Stopp deutscher Waffenlieferungen an Israel Freiburg\/Berlin. Im Lichte der gerade ergangenen Entscheidung des Internationalen Gerichtshofes im Verfahren Nicaragua gegen die Bundesrepublik Deutschland wegen m\u00f6glicher Beihilfe zum V\u00f6lkermord und anderer Verst\u00f6\u00dfe gegen das humanit\u00e4re V\u00f6lkerrecht fordern das R\u00fcstungsInformationsB\u00fcro (RIB) und die International Association of Lawyers [&hellip;]<\/p>\n","protected":false},"author":2,"featured_media":0,"comment_status":"closed","ping_status":"","sticky":false,"template":"","format":"standard","meta":{"site-sidebar-layout":"default","site-content-layout":"","ast-site-content-layout":"default","site-content-style":"default","site-sidebar-style":"default","ast-global-header-display":"","ast-banner-title-visibility":"","ast-main-header-display":"","ast-hfb-above-header-display":"","ast-hfb-below-header-display":"","ast-hfb-mobile-header-display":"","site-post-title":"","ast-breadcrumbs-content":"","ast-featured-img":"","footer-sml-layout":"","ast-disable-related-posts":"","theme-transparent-header-meta":"","adv-header-id-meta":"","stick-header-meta":"","header-above-stick-meta":"","header-main-stick-meta":"","header-below-stick-meta":"","astra-migrate-meta-layouts":"default","ast-page-background-enabled":"default","ast-page-background-meta":{"desktop":{"background-color":"var(--ast-global-color-4)","background-image":"","background-repeat":"repeat","background-position":"center center","background-size":"auto","background-attachment":"scroll","background-type":"","background-media":"","overlay-type":"","overlay-color":"","overlay-opacity":"","overlay-gradient":""},"tablet":{"background-color":"","background-image":"","background-repeat":"repeat","background-position":"center center","background-size":"auto","background-attachment":"scroll","background-type":"","background-media":"","overlay-type":"","overlay-color":"","overlay-opacity":"","overlay-gradient":""},"mobile":{"background-color":"","background-image":"","background-repeat":"repeat","background-position":"center center","background-size":"auto","background-attachment":"scroll","background-type":"","background-media":"","overlay-type":"","overlay-color":"","overlay-opacity":"","overlay-gradient":""}},"ast-content-background-meta":{"desktop":{"background-color":"var(--ast-global-color-5)","background-image":"","background-repeat":"repeat","background-position":"center center","background-size":"auto","background-attachment":"scroll","background-type":"","background-media":"","overlay-type":"","overlay-color":"","overlay-opacity":"","overlay-gradient":""},"tablet":{"background-color":"var(--ast-global-color-5)","background-image":"","background-repeat":"repeat","background-position":"center center","background-size":"auto","background-attachment":"scroll","background-type":"","background-media":"","overlay-type":"","overlay-color":"","overlay-opacity":"","overlay-gradient":""},"mobile":{"background-color":"var(--ast-global-color-5)","background-image":"","background-repeat":"repeat","background-position":"center center","background-size":"auto","background-attachment":"scroll","background-type":"","background-media":"","overlay-type":"","overlay-color":"","overlay-opacity":"","overlay-gradient":""}},"footnotes":""},"categories":[1],"tags":[],"class_list":["post-2721","post","type-post","status-publish","format-standard","hentry","category-uncategorized"],"_links":{"self":[{"href":"https:\/\/rib-ev.de\/index.php?rest_route=\/wp\/v2\/posts\/2721","targetHints":{"allow":["GET"]}}],"collection":[{"href":"https:\/\/rib-ev.de\/index.php?rest_route=\/wp\/v2\/posts"}],"about":[{"href":"https:\/\/rib-ev.de\/index.php?rest_route=\/wp\/v2\/types\/post"}],"author":[{"embeddable":true,"href":"https:\/\/rib-ev.de\/index.php?rest_route=\/wp\/v2\/users\/2"}],"replies":[{"embeddable":true,"href":"https:\/\/rib-ev.de\/index.php?rest_route=%2Fwp%2Fv2%2Fcomments&post=2721"}],"version-history":[{"count":3,"href":"https:\/\/rib-ev.de\/index.php?rest_route=\/wp\/v2\/posts\/2721\/revisions"}],"predecessor-version":[{"id":2725,"href":"https:\/\/rib-ev.de\/index.php?rest_route=\/wp\/v2\/posts\/2721\/revisions\/2725"}],"wp:attachment":[{"href":"https:\/\/rib-ev.de\/index.php?rest_route=%2Fwp%2Fv2%2Fmedia&parent=2721"}],"wp:term":[{"taxonomy":"category","embeddable":true,"href":"https:\/\/rib-ev.de\/index.php?rest_route=%2Fwp%2Fv2%2Fcategories&post=2721"},{"taxonomy":"post_tag","embeddable":true,"href":"https:\/\/rib-ev.de\/index.php?rest_route=%2Fwp%2Fv2%2Ftags&post=2721"}],"curies":[{"name":"wp","href":"https:\/\/api.w.org\/{rel}","templated":true}]}}