{"id":1715,"date":"2015-11-29T13:34:00","date_gmt":"2015-11-29T12:34:00","guid":{"rendered":"https:\/\/rib-ev.de\/?p=1715"},"modified":"2024-07-19T15:04:06","modified_gmt":"2024-07-19T13:04:06","slug":"rede-von-j-graesslin-anlaesslich-der-verleihung-des-helga-und-werner-sprenger-friedenspreises","status":"publish","type":"post","link":"https:\/\/rib-ev.de\/?p=1715","title":{"rendered":"Rede von J. Gr\u00e4sslin anl\u00e4sslich der Verleihung des Helga-und-Werner-Sprenger-Friedenspreises"},"content":{"rendered":"\n<p>Liebe Helga Sprenger, lieber Uwe Baumann, liebe Stiftungsr\u00e4te der INTA-Stiftung,<\/p>\n\n\n\n<p>liebe Barbara Davids, liebe Ursula Sladek, lieber Gernot Erler,<\/p>\n\n\n\n<p>lieber B\u00fcrgermeister von Kirchbach,<\/p>\n\n\n\n<p>liebe Mitglieder meiner Familie,<\/p>\n\n\n\n<p>liebe Friedensfreundinnen und Friedensfreunde,<\/p>\n\n\n\n<p>sehr geehrte Damen und Herren,<\/p>\n\n\n\n<p>mit gro\u00dfer Freude habe ich von Helga Sprenger erfahren, dass Barbara Davids \u2013 f\u00fcr ihre engagierte und \u00fcberzeugende Fl\u00fcchtlingsarbeit mit jungen Menschen \u2013 und ich zu den diesj\u00e4hrigen Tr\u00e4gern des Helga-und-Werner-Sprenger-Friedenspreises berufen worden sind. Helga Sprenger und ihr leider verstorbener Mann Werner haben sich in vorbildlicher Weise f\u00fcr Frieden und Gerechtigkeit eingesetzt. Umso mehr freut mich der Zuspruch zu Ihrem gemeinsamen Friedenspreis, dessen Verleihung ich als gro\u00dfe Ehre empfinde. Herzlichen Dank daf\u00fcr, Ihnen liebe Frau Sprenger und der Jury.<\/p>\n\n\n\n<p>Die Preisverleihung erfolgt an einem f\u00fcr die Freiburger Gr\u00fcnen, f\u00fcr die Freiburger Friedensbewegung und f\u00fcr mich pers\u00f6nlich geschichtstr\u00e4chtigen Ort. Hier haben wir am 16. September 1990, vor fast genau einem Vierteljahrhundert demonstriert. Damals war das Vauban Sitz der gleichnamigen franz\u00f6sischen Milit\u00e4rkaserne. Ich k\u00f6nnte mir heute keinen besseren Ort f\u00fcr einen Friedenspreis vorstellen!<\/p>\n\n\n\n<p>Am Abend des besagten Tages f\u00fchrten wir auf der Schwarzwaldstra\u00dfe eine gewaltfreie Blockade durch. Als damaliges Mitglied des Landesvorstands der Partei habe ich mich an der Blockade gegen das Gro\u00dfman\u00f6ver \u201eProt\u00e9e\u201c beteiligt und wurde von zwei Polizisten weggetragen \u2013 wor\u00fcber die Badische Zeitung auf der Titelseite des Freiburger Teils in Text und Bild berichtete. In martialischen Worten schrieb die BZ damals: \u201eMit Versp\u00e4tung in die Schlacht gezogen. Gr\u00fcne blockieren Milit\u00e4rkonvoi\u201c.<\/p>\n\n\n\n<!--more-->\n\n\n\n<p>Wie die Zeiten sich \u00e4ndern. Die franz\u00f6sischen Streitkr\u00e4fte sind abgezogen, heute ist das Vauban ein \u00f6kologisches Vorzeigeviertel \u2013 auch dank der Gr\u00fcnen. Eben diese Partei stellt mittlerweile den Oberb\u00fcrgermeister Freiburgs. Und sie l\u00e4sst Fl\u00fcchtlinge in vermeintlich \u201esichere\u201c Herkunftsl\u00e4nder durch Polizeikr\u00e4fte abschieben. Dass diese Herkunftsl\u00e4nder oftmals alles andere als sicher sind, ist durch menschliche Schicksale publik geworden. L\u00e4ngst habe ich die Partei verlassen und bin seither ein zufriedener Bewegungsaktivist, ein sozialer Netzwerker und Buchautor.<\/p>\n\n\n\n<p>Liebe Friedensfreundinnen und Friedensfreunde, wir leben in politisch rauen und demokratisch ruin\u00f6sen Zeiten. Die j\u00fcngst erfolgten t\u00f6dlichen Terroranschl\u00e4ge islamistischer Fanatiker in Paris und in Bamako sch\u00fcren die Angst vor weiterem Terror, auch in Europa. Sie lassen Politikerinnen und Politiker neue Sicherheits- und Hochr\u00fcstungsma\u00dfnahmen einleiten und die ehedem weit fortgeschrittene Errichtung der Festung Europa durch Grenzsicherungsz\u00e4une umsetzen.<\/p>\n\n\n\n<p>Einer der ma\u00dfgeblichen Profiteure des Fl\u00fcchtlingselends ist der Airbus-Konzern. Der deutsch-franz\u00f6sische R\u00fcstungsriese errichtet derzeit einen tausende Kilometer langen drohnen\u00fcberwachten High-Tech-Grenzsicherungszaun um Saudi-Arabien. Ein sogenanntes \u201ebefreundetes\u201c Land, in dem das wahhabitische Herrscherhaus Oppositionelle und Christen verfolgt, foltert und \u00f6ffentlich exekutiert. Airbus m\u00f6chte an den S\u00fcdgrenzen der Maghreb-Staaten und in Osteuropa Abertausende Kilometer Grenzsicherungsanlagen bauen. Die Entwicklung dieser leider sehr effizienten Fl\u00fcchtlingsabwehr erfolgte vor unserer Haust\u00fcre: bei Airbus\/EADS in \u00dcberlingen am Bodensee.<\/p>\n\n\n\n<p>Nach dem erfreulich weit vorangeschrittenen Einigungsprozess galt das fast g\u00e4nzlich befriedete Europa als sicherer Schutzbereich f\u00fcr Hunderttausende von Fl\u00fcchtlingen. Viele dieser Menschen, die auch Deutschland unter Einsatz ihres Lebens auf dem See- oder Landweg erreichen, kommen zurzeit aus den Kriegsgebieten Syrien, Afghanistan und dem Irak, aus dem B\u00fcrgerkriegsland Somalia und aus Pakistan. In der Vergangenheit kamen Abertausende von Fl\u00fcchtlingen aus \u00c4gypten, Libyen und der T\u00fcrkei, genauer gesagt aus T\u00fcrkisch-Kurdistan zu uns nach Deutschland.<\/p>\n\n\n\n<p>Fr\u00fcher wie heute pr\u00e4sentieren sich deutsche Kanzler und Minister auf der politischen Weltb\u00fchne als engagierte Streiter f\u00fcr Frieden und Gerechtigkeit, f\u00fcr Humanit\u00e4t und die Wahrung der Menschenrechte. In diesem Sinne verk\u00fcndete Bundeskanzlerin Angela Merkel in dankenswerter Weise klaren Worten zur unbegrenzten Aufnahme von Fl\u00fcchtlingen aus den Kriegsgebieten: \u201eWir schaffen das!\u201c<\/p>\n\n\n\n<p>Die Fluchtgr\u00fcnde sind verschieden. Und doch verschweigt die Kanzlerin, dass die derzeitige Bundesregierung und deren Vorg\u00e4ngerregierungen massiv zur Schaffung von Fluchtursachen beitragen bzw. beitrugen \u2013 allen voran durch den hemmungslosen Export von Kriegswaffen und R\u00fcstungsg\u00fctern an kriegf\u00fchrende und menschenrechtsverletzende Staaten, ja selbst an Diktaturen.<\/p>\n\n\n\n<p>Sigmar Gabriel hat diese Politik skrupelloser Waffentransfers fortsetzt. Hier bitte ich dich, lieber Gernot Erler, deinen erheblichen Einfluss geltend zu machen, damit Bundeswirtschaftsminister Gabriel Altvertr\u00e4ge k\u00fcndigt und keine neuen unterzeichnet. Zu einem Totensonntag geh\u00f6rt auch der Verweis auf die mehr als zwei Millionen Toten, die allein durch Heckler&amp;Koch-Waffen erschossen wurden. Zuallererst muss der Export von Kleinwaffen \u2013 die t\u00f6dlichste aller Waffengattungen \u2013 und von Munition v\u00f6llig verboten werden.<\/p>\n\n\n\n<p>Mit deutschen Waffen werden repressive und autokratische Regime stabilisiert. Mit deutschen Waffen werden die Demokratiebewegungen in zahlreichen L\u00e4ndern unterdr\u00fcckt. Mit deutschen Waffen wird geschossen und gemordet. Empf\u00e4ngerl\u00e4nder deutscher Kriegswaffen sind in der Gegenwart u.a. Syrien, der Irak, \u00c4gypten, Pakistan, Afghanistan und die T\u00fcrkei. In der Vergangenheit waren es auch der Iran und Somalia \u2013 um nur einige ausgew\u00e4hlte Beispiele zu nennen. L\u00e4nder, aus denen viele Fl\u00fcchtlinge zu uns kommen.<\/p>\n\n\n\n<p>Und so ist die Wahrheit eine bittere: Wer Waffen s\u00e4t, wird Fl\u00fcchtlinge ernten. In genau dieser Situation befindet sich Deutschland inmitten dieser Dekade der Fl\u00fcchtlingszuwanderung. Die Dominoeffekte der in vielen Staaten fehlgesteuerten Politik drohen einen politischen Fl\u00e4chenbrand auszul\u00f6sen. Rechtsgerichtete Regierungen, die die Fl\u00fcchtlingsabwehr propagieren, gewinnen europaweit Wahlen. Organisiert von der Grenzschutzagentur Frontex schottet sich Europa zusehends ab. Fl\u00fcchtlinge werden an den Au\u00dfengrenzen abgefangen, das Grundrecht auf Asyl ausgehebelt.<\/p>\n\n\n\n<p>In Deutschland brennen schon heute Fl\u00fcchtlingsheime. In Ostdeutschland schauen Polizisten vielfach weg, wenn der rassistische Mob w\u00fctet. Steht zu bef\u00fcrchten, dass die demokratie- und fl\u00fcchtlingsfeindliche AFD in die Parlamente einziehen wird. Was also wird bleiben vom abendl\u00e4ndisch gepr\u00e4gten Europa, das sich dem Erhalt des Friedens verpflichtet hat?<\/p>\n\n\n\n<p>Liebe Friedensfreundinnen und Friedensfreunde, sehr geehrte Damen und Herren, jetzt schl\u00e4gt die Stunde der standhaften, aufrichtigen und zivilcouragierten Demokratinnen und Demokraten. Deutschland im Winter 2015 fordert von uns mehr Mut und klarere Bekenntnisse als bisher \u2013 wo immer Schwache und Notleidende schikaniert, bedroht und verfolgt werden. Lasst uns gemeinsam k\u00e4mpfen mit den Mitteln der Gewaltfreiheit f\u00fcr Demokratie, f\u00fcr Menschenrechte, f\u00fcr Frieden \u2013 f\u00fcr ein Deutschland der christlichen und humanistischen Werte.<\/p>\n\n\n\n<p>Mit Friedensfreunden habe ich im Jahr 2011 die bundesweite Kampagne \u201eAktion Aufschrei \u2013 Stoppt den Waffenhandel!\u201c gegr\u00fcndet. Unser Motto lautet: \u201eGrenzen \u00f6ffnen f\u00fcr Menschen, Grenzen schlie\u00dfen f\u00fcr Waffen!\u201c F\u00fcr genau diese Friedenspolitik stehe ich mit all meiner Kraft und Lebensfreude.<\/p>\n\n\n\n<p>Liebe Frau Sprenger, liebe Mitglieder der INTA-Stiftung, dass Sie in diesem Jahr gleich zwei Preistr\u00e4ger\/innen k\u00fcren, die sich in ihrer Friedensarbeit auf unterschiedliche Weise mit vergleichbarer Zielsetzung aktiv f\u00fcr Fl\u00fcchtlinge eintreten, setzt ein klares Zeichen. Auch daf\u00fcr danke ich Ihnen von Herzen.<\/p>\n","protected":false},"excerpt":{"rendered":"<p>Liebe Helga Sprenger, lieber Uwe Baumann, liebe Stiftungsr\u00e4te der INTA-Stiftung, liebe Barbara Davids, liebe Ursula Sladek, lieber Gernot Erler, lieber B\u00fcrgermeister von Kirchbach, liebe Mitglieder meiner Familie, liebe Friedensfreundinnen und Friedensfreunde, sehr geehrte Damen und Herren, mit gro\u00dfer Freude habe ich von Helga Sprenger erfahren, dass Barbara Davids \u2013 f\u00fcr ihre engagierte und \u00fcberzeugende Fl\u00fcchtlingsarbeit [&hellip;]<\/p>\n","protected":false},"author":2,"featured_media":0,"comment_status":"closed","ping_status":"closed","sticky":false,"template":"","format":"standard","meta":{"site-sidebar-layout":"default","site-content-layout":"","ast-site-content-layout":"default","site-content-style":"default","site-sidebar-style":"default","ast-global-header-display":"","ast-banner-title-visibility":"","ast-main-header-display":"","ast-hfb-above-header-display":"","ast-hfb-below-header-display":"","ast-hfb-mobile-header-display":"","site-post-title":"","ast-breadcrumbs-content":"","ast-featured-img":"","footer-sml-layout":"","ast-disable-related-posts":"","theme-transparent-header-meta":"","adv-header-id-meta":"","stick-header-meta":"","header-above-stick-meta":"","header-main-stick-meta":"","header-below-stick-meta":"","astra-migrate-meta-layouts":"default","ast-page-background-enabled":"default","ast-page-background-meta":{"desktop":{"background-color":"var(--ast-global-color-4)","background-image":"","background-repeat":"repeat","background-position":"center center","background-size":"auto","background-attachment":"scroll","background-type":"","background-media":"","overlay-type":"","overlay-color":"","overlay-opacity":"","overlay-gradient":""},"tablet":{"background-color":"","background-image":"","background-repeat":"repeat","background-position":"center center","background-size":"auto","background-attachment":"scroll","background-type":"","background-media":"","overlay-type":"","overlay-color":"","overlay-opacity":"","overlay-gradient":""},"mobile":{"background-color":"","background-image":"","background-repeat":"repeat","background-position":"center center","background-size":"auto","background-attachment":"scroll","background-type":"","background-media":"","overlay-type":"","overlay-color":"","overlay-opacity":"","overlay-gradient":""}},"ast-content-background-meta":{"desktop":{"background-color":"var(--ast-global-color-5)","background-image":"","background-repeat":"repeat","background-position":"center center","background-size":"auto","background-attachment":"scroll","background-type":"","background-media":"","overlay-type":"","overlay-color":"","overlay-opacity":"","overlay-gradient":""},"tablet":{"background-color":"var(--ast-global-color-5)","background-image":"","background-repeat":"repeat","background-position":"center center","background-size":"auto","background-attachment":"scroll","background-type":"","background-media":"","overlay-type":"","overlay-color":"","overlay-opacity":"","overlay-gradient":""},"mobile":{"background-color":"var(--ast-global-color-5)","background-image":"","background-repeat":"repeat","background-position":"center center","background-size":"auto","background-attachment":"scroll","background-type":"","background-media":"","overlay-type":"","overlay-color":"","overlay-opacity":"","overlay-gradient":""}},"footnotes":""},"categories":[1],"tags":[],"class_list":["post-1715","post","type-post","status-publish","format-standard","hentry","category-uncategorized"],"_links":{"self":[{"href":"https:\/\/rib-ev.de\/index.php?rest_route=\/wp\/v2\/posts\/1715","targetHints":{"allow":["GET"]}}],"collection":[{"href":"https:\/\/rib-ev.de\/index.php?rest_route=\/wp\/v2\/posts"}],"about":[{"href":"https:\/\/rib-ev.de\/index.php?rest_route=\/wp\/v2\/types\/post"}],"author":[{"embeddable":true,"href":"https:\/\/rib-ev.de\/index.php?rest_route=\/wp\/v2\/users\/2"}],"replies":[{"embeddable":true,"href":"https:\/\/rib-ev.de\/index.php?rest_route=%2Fwp%2Fv2%2Fcomments&post=1715"}],"version-history":[{"count":1,"href":"https:\/\/rib-ev.de\/index.php?rest_route=\/wp\/v2\/posts\/1715\/revisions"}],"predecessor-version":[{"id":1716,"href":"https:\/\/rib-ev.de\/index.php?rest_route=\/wp\/v2\/posts\/1715\/revisions\/1716"}],"wp:attachment":[{"href":"https:\/\/rib-ev.de\/index.php?rest_route=%2Fwp%2Fv2%2Fmedia&parent=1715"}],"wp:term":[{"taxonomy":"category","embeddable":true,"href":"https:\/\/rib-ev.de\/index.php?rest_route=%2Fwp%2Fv2%2Fcategories&post=1715"},{"taxonomy":"post_tag","embeddable":true,"href":"https:\/\/rib-ev.de\/index.php?rest_route=%2Fwp%2Fv2%2Ftags&post=1715"}],"curies":[{"name":"wp","href":"https:\/\/api.w.org\/{rel}","templated":true}]}}